{"id":488,"date":"2013-07-22T09:00:07","date_gmt":"2013-07-22T07:00:07","guid":{"rendered":"http:\/\/www.logowerk.de\/lw\/?p=488"},"modified":"2017-08-08T18:28:03","modified_gmt":"2017-08-08T16:28:03","slug":"modular","status":"publish","type":"post","link":"https:\/\/www.logowerk.de\/lw\/modular\/","title":{"rendered":"MODVLAR \u2013 Electronic Music Live-Act aus K\u00f6ln"},"content":{"rendered":"<p>Der Live-Act &#8222;MODVLAR&#8220; (gesprochen &#8222;modular&#8220;) war ein elektronisches Musikprojekt der beiden K\u00fcnstler <strong>Henning Richter<\/strong> und <strong>Stefan Lewin.<\/strong> 2013 ver\u00f6ffentlichten sie ihre einzige Platte mit dem Titel &#8222;The Glow EP&#8220; auf dem Berliner Plattenlabel <a href=\"http:\/\/www.praxxiz.de\/cntnt\">PRAXXIZ<\/a>. Darauf zwei Tracks, von denen es einer bis in die Rotation eines der wichtigsten deutschen Radiosenders f\u00fcr Elektronische Musik geschafft hat \u2013 <a href=\"http:\/\/www.sunshine-live.de\">Radio Sunshine Live.<\/a><\/p>\n<p>F\u00fcr MODVLAR haben wir das komplette visuelle Erscheinungsbild kreiert. Angefangen mit dem Logo, Website (Design &amp; Realisierung), Plattencover, Pressefotos sowie weitere Unterlagen f\u00fcr die Pressemappe. Dar\u00fcber hinaus entwickelten und steuerten wir die komplette PR, Promotion und Social Media Kampagnen, inklusive deren Aufbau und Pflege.<\/p>\n<p>Leider beendeten die K\u00fcnstler die Zusammenarbeit wegen un\u00fcberwindbarer, pers\u00f6nlicher Differenzen.<\/p>\n<p>&nbsp;<\/p>\n<h4>Logo<\/h4>\n<p><img decoding=\"async\" class=\"alignnone size-large wp-image-490\" src=\"http:\/\/www.logowerk.de\/lw\/wp-content\/uploads\/2017\/08\/modvlar_logo-1024x182.png\" alt=\"\" width=\"100%\" srcset=\"https:\/\/www.logowerk.de\/lw\/wp-content\/uploads\/2017\/08\/modvlar_logo-1024x182.png 1024w, https:\/\/www.logowerk.de\/lw\/wp-content\/uploads\/2017\/08\/modvlar_logo-300x53.png 300w, https:\/\/www.logowerk.de\/lw\/wp-content\/uploads\/2017\/08\/modvlar_logo-768x137.png 768w, https:\/\/www.logowerk.de\/lw\/wp-content\/uploads\/2017\/08\/modvlar_logo.png 1600w\" sizes=\"(max-width: 1024px) 100vw, 1024px\" \/><\/p>\n<p>F\u00fcr das Logo haben wir typische Symbole der Doepfer Modularsysteme (analoge Synthesizer, mit denen die beiden K\u00fcnstler ihre Musik live einspielen) \u00fcbernommen und zu einem Schriftzug weiter entwickelt.<\/p>\n<p>&nbsp;<\/p>\n<h4>Cover<\/h4>\n<p><img decoding=\"async\" class=\"wp-image-493\" src=\"http:\/\/www.logowerk.de\/lw\/wp-content\/uploads\/2013\/07\/PRZ016_Modvlar_GlowEP_CoverDigi-1024x1024.jpg\" alt=\"\" width=\"100%\" srcset=\"https:\/\/www.logowerk.de\/lw\/wp-content\/uploads\/2013\/07\/PRZ016_Modvlar_GlowEP_CoverDigi-1024x1024.jpg 1024w, https:\/\/www.logowerk.de\/lw\/wp-content\/uploads\/2013\/07\/PRZ016_Modvlar_GlowEP_CoverDigi-150x150.jpg 150w, https:\/\/www.logowerk.de\/lw\/wp-content\/uploads\/2013\/07\/PRZ016_Modvlar_GlowEP_CoverDigi-300x300.jpg 300w, https:\/\/www.logowerk.de\/lw\/wp-content\/uploads\/2013\/07\/PRZ016_Modvlar_GlowEP_CoverDigi-768x768.jpg 768w, https:\/\/www.logowerk.de\/lw\/wp-content\/uploads\/2013\/07\/PRZ016_Modvlar_GlowEP_CoverDigi.jpg 1440w\" sizes=\"(max-width: 1024px) 100vw, 1024px\" \/><br \/>\nPlattencover der &#8222;The Glow EP&#8220; \u2013 Ver\u00f6ffentlichung 2013 auf PRAXXIZ Records, Berlin<\/p>\n<p>&nbsp;<\/p>\n<p><img decoding=\"async\" class=\"size-full wp-image-494\" src=\"http:\/\/www.logowerk.de\/lw\/wp-content\/uploads\/2013\/07\/PRZ027_Cover.jpg\" alt=\"\" width=\"100%\" srcset=\"https:\/\/www.logowerk.de\/lw\/wp-content\/uploads\/2013\/07\/PRZ027_Cover.jpg 1000w, https:\/\/www.logowerk.de\/lw\/wp-content\/uploads\/2013\/07\/PRZ027_Cover-150x150.jpg 150w, https:\/\/www.logowerk.de\/lw\/wp-content\/uploads\/2013\/07\/PRZ027_Cover-300x300.jpg 300w, https:\/\/www.logowerk.de\/lw\/wp-content\/uploads\/2013\/07\/PRZ027_Cover-768x768.jpg 768w\" sizes=\"(max-width: 1000px) 100vw, 1000px\" \/><br \/>\nEntwurf eines Albumcovers f\u00fcr das Deb\u00fctalbum &#8222;Sillk&#8220; \u2013 abgeleitet von engl. &#8222;skills&#8220;, wegen der gro\u00dfen Expertise der beiden K\u00fcnstler, und &#8222;silk&#8220;, wegen des weichen Sounds. (Album blieb unver\u00f6ffentlicht)<\/p>\n<p>&nbsp;<\/p>\n<h4>Pressefotos<\/h4>\n<p>Da beide K\u00fcnstler bereits in unterschiedlichen elektronischen Musik-Genres erfolgreich waren und sie mit MODVLAR eine neue Richtung einschlagen wollten, entwickelten wir eine PR-Strategie, bei der zun\u00e4chst die Musik im Vordergrund stand und die K\u00fcnstler noch geheim gehalten wurden. Da f\u00fcr Promotion und Auftritte dennoch immer Grafiken oder Pressefotos ben\u00f6tigt werden, haben wir ein Fotoshooting in K\u00f6ln durchgef\u00fchrt. Das Konzept: Stimmung durch urbane Location erzeugen, die K\u00fcnstler komplett oder wenigstens deren Gesichter unscharf, um nicht erkannt zu werden.<\/p>\n<p><img decoding=\"async\" class=\"alignnone size-large wp-image-497\" src=\"http:\/\/www.logowerk.de\/lw\/wp-content\/uploads\/2013\/07\/MODVLAR_003__byELDO-1024x731.jpg\" alt=\"\" width=\"100%\" srcset=\"https:\/\/www.logowerk.de\/lw\/wp-content\/uploads\/2013\/07\/MODVLAR_003__byELDO-1024x731.jpg 1024w, https:\/\/www.logowerk.de\/lw\/wp-content\/uploads\/2013\/07\/MODVLAR_003__byELDO-300x214.jpg 300w, https:\/\/www.logowerk.de\/lw\/wp-content\/uploads\/2013\/07\/MODVLAR_003__byELDO-768x548.jpg 768w, https:\/\/www.logowerk.de\/lw\/wp-content\/uploads\/2013\/07\/MODVLAR_003__byELDO.jpg 1191w\" sizes=\"(max-width: 1024px) 100vw, 1024px\" \/><\/p>\n<p><img decoding=\"async\" class=\"alignnone size-large wp-image-498\" src=\"http:\/\/www.logowerk.de\/lw\/wp-content\/uploads\/2013\/07\/MODVLAR_002__byELDO-682x1024.jpg\" alt=\"\" width=\"100%\" srcset=\"https:\/\/www.logowerk.de\/lw\/wp-content\/uploads\/2013\/07\/MODVLAR_002__byELDO-682x1024.jpg 682w, https:\/\/www.logowerk.de\/lw\/wp-content\/uploads\/2013\/07\/MODVLAR_002__byELDO-200x300.jpg 200w, https:\/\/www.logowerk.de\/lw\/wp-content\/uploads\/2013\/07\/MODVLAR_002__byELDO-768x1152.jpg 768w, https:\/\/www.logowerk.de\/lw\/wp-content\/uploads\/2013\/07\/MODVLAR_002__byELDO.jpg 1123w\" sizes=\"(max-width: 682px) 100vw, 682px\" \/><\/p>\n<p>&nbsp;<\/p>\n<h4>Technical Rider<\/h4>\n<p>Zu den diversen Informationen und Unterlagen, die K\u00fcnstler an Agenturen oder Veranstalter schicken, geh\u00f6rt u. a. auch der sogenannte &#8222;Technical Rider&#8220;. Ein Infoblatt, das die technischen Anforderungen des K\u00fcnstlers f\u00fcr seine Auftritte beschreibt. Darauf sind in der Elektronischen Musik \u00fcblicherweise alle technischen Ger\u00e4te, Anschl\u00fcsse und B\u00fchnenma\u00dfe etc. in Listenform aufgef\u00fchrt. Im Fall von MODVLAR waren die Anforderungen und der sehr umfangreich, weshalb wir uns vom reinen Listenformat verabschiedet und erkl\u00e4rende Grafiken als Stage-Plan hinzugef\u00fcgt haben.<\/p>\n<p><img decoding=\"async\" class=\"alignnone size-large wp-image-500\" src=\"http:\/\/www.logowerk.de\/lw\/wp-content\/uploads\/2013\/07\/MODVLAR_TechRider-1024x576.jpg\" alt=\"\" width=\"100%\" srcset=\"https:\/\/www.logowerk.de\/lw\/wp-content\/uploads\/2013\/07\/MODVLAR_TechRider-1024x576.jpg 1024w, https:\/\/www.logowerk.de\/lw\/wp-content\/uploads\/2013\/07\/MODVLAR_TechRider-300x169.jpg 300w, https:\/\/www.logowerk.de\/lw\/wp-content\/uploads\/2013\/07\/MODVLAR_TechRider-768x432.jpg 768w, https:\/\/www.logowerk.de\/lw\/wp-content\/uploads\/2013\/07\/MODVLAR_TechRider.jpg 1600w\" sizes=\"(max-width: 1024px) 100vw, 1024px\" \/><\/p>\n","protected":false},"excerpt":{"rendered":"<p>Der Live-Act &#8222;MODVLAR&#8220; (gesprochen &#8222;modular&#8220;) war ein elektronisches Musikprojekt der beiden K\u00fcnstler Henning Richter und Stefan Lewin. 2013 ver\u00f6ffentlichten sie ihre einzige Platte mit dem Titel &#8222;The Glow EP&#8220; auf dem Berliner Plattenlabel PRAXXIZ. Darauf zwei Tracks, von denen es einer bis in die Rotation eines der wichtigsten deutschen Radiosenders f\u00fcr Elektronische Musik geschafft hat [&hellip;]<\/p>\n","protected":false},"author":1,"featured_media":489,"comment_status":"open","ping_status":"open","sticky":false,"template":"","format":"standard","meta":[],"categories":[29],"tags":[208,211,210,165,206,198,205,230,153,152,139,183,218,220,219,181,212,204,203,146,156,155,192,163,164,209,189,217,200,151,148,215,229,178,179,195,228,140,141,36,170,37,222,223,142,145,144,143,224,147,182,154,194,225,221,190,191,185,186,193,187,188,213,196,157,161,158,162,160,197,202,184,214,216,207,65,66,199,234,233,149,159,167,231,166,232,150,201,227,226,168,169,173,176,172,175,177,171,174,180],"yoast_head":"<!-- This site is optimized with the Yoast SEO plugin v20.0 - https:\/\/yoast.com\/wordpress\/plugins\/seo\/ -->\n<title>MODVLAR \u2013 Ein Electronic Music Live-Act<\/title>\n<meta name=\"description\" content=\"F\u00fcr den Live-Act MODVLAR haben wir 2013 das visuelle Erscheinungsbild kreiert und eine umfangreiche Promotion- und PR-Kampagne entwickelt: Logo, Website, \u2026\" \/>\n<meta name=\"robots\" content=\"index, follow, max-snippet:-1, max-image-preview:large, max-video-preview:-1\" \/>\n<link rel=\"canonical\" href=\"https:\/\/www.logowerk.de\/lw\/modular\/\" \/>\n<meta property=\"og:locale\" content=\"de_DE\" \/>\n<meta property=\"og:type\" content=\"article\" \/>\n<meta property=\"og:title\" content=\"MODVLAR \u2013 Ein Electronic Music Live-Act\" \/>\n<meta property=\"og:description\" content=\"F\u00fcr den Live-Act MODVLAR haben wir 2013 das visuelle Erscheinungsbild kreiert und eine umfangreiche Promotion- und PR-Kampagne entwickelt: Logo, Website, \u2026\" \/>\n<meta property=\"og:url\" content=\"https:\/\/www.logowerk.de\/lw\/modular\/\" \/>\n<meta property=\"og:site_name\" content=\"LOGOWERK\" \/>\n<meta property=\"article:published_time\" content=\"2013-07-22T07:00:07+00:00\" \/>\n<meta property=\"article:modified_time\" content=\"2017-08-08T16:28:03+00:00\" \/>\n<meta property=\"og:image\" content=\"https:\/\/www.logowerk.de\/lw\/wp-content\/uploads\/2017\/08\/FB_Header.jpg\" \/>\n\t<meta property=\"og:image:width\" content=\"851\" \/>\n\t<meta property=\"og:image:height\" content=\"315\" \/>\n\t<meta property=\"og:image:type\" content=\"image\/jpeg\" \/>\n<meta name=\"author\" content=\"Ellen Dosch\" \/>\n<meta name=\"twitter:card\" content=\"summary_large_image\" \/>\n<meta name=\"twitter:creator\" content=\"@LOGOWERK\" \/>\n<meta name=\"twitter:site\" content=\"@LOGOWERK\" \/>\n<meta name=\"twitter:label1\" content=\"Verfasst von\" \/>\n\t<meta name=\"twitter:data1\" content=\"Ellen Dosch\" \/>\n\t<meta name=\"twitter:label2\" content=\"Gesch\u00e4tzte Lesezeit\" \/>\n\t<meta name=\"twitter:data2\" content=\"2\u00a0Minuten\" \/>\n<script type=\"application\/ld+json\" class=\"yoast-schema-graph\">{\"@context\":\"https:\/\/schema.org\",\"@graph\":[{\"@type\":\"WebPage\",\"@id\":\"https:\/\/www.logowerk.de\/lw\/modular\/\",\"url\":\"https:\/\/www.logowerk.de\/lw\/modular\/\",\"name\":\"MODVLAR \u2013 Ein Electronic Music Live-Act\",\"isPartOf\":{\"@id\":\"https:\/\/www.logowerk.de\/lw\/#website\"},\"datePublished\":\"2013-07-22T07:00:07+00:00\",\"dateModified\":\"2017-08-08T16:28:03+00:00\",\"author\":{\"@id\":\"https:\/\/www.logowerk.de\/lw\/#\/schema\/person\/f6cecae454516f53422d44bf5cf1867a\"},\"description\":\"F\u00fcr den Live-Act MODVLAR haben wir 2013 das visuelle Erscheinungsbild kreiert und eine umfangreiche Promotion- und PR-Kampagne entwickelt: Logo, Website, \u2026\",\"breadcrumb\":{\"@id\":\"https:\/\/www.logowerk.de\/lw\/modular\/#breadcrumb\"},\"inLanguage\":\"de\",\"potentialAction\":[{\"@type\":\"ReadAction\",\"target\":[\"https:\/\/www.logowerk.de\/lw\/modular\/\"]}]},{\"@type\":\"BreadcrumbList\",\"@id\":\"https:\/\/www.logowerk.de\/lw\/modular\/#breadcrumb\",\"itemListElement\":[{\"@type\":\"ListItem\",\"position\":1,\"name\":\"Startseite\",\"item\":\"https:\/\/www.logowerk.de\/lw\/\"},{\"@type\":\"ListItem\",\"position\":2,\"name\":\"MODVLAR \u2013 Electronic Music Live-Act aus K\u00f6ln\"}]},{\"@type\":\"WebSite\",\"@id\":\"https:\/\/www.logowerk.de\/lw\/#website\",\"url\":\"https:\/\/www.logowerk.de\/lw\/\",\"name\":\"LOGOWERK\",\"description\":\"Agentur f\u00fcr Kommunikation, Werbung &amp; Events\",\"potentialAction\":[{\"@type\":\"SearchAction\",\"target\":{\"@type\":\"EntryPoint\",\"urlTemplate\":\"https:\/\/www.logowerk.de\/lw\/?s={search_term_string}\"},\"query-input\":\"required name=search_term_string\"}],\"inLanguage\":\"de\"},{\"@type\":\"Person\",\"@id\":\"https:\/\/www.logowerk.de\/lw\/#\/schema\/person\/f6cecae454516f53422d44bf5cf1867a\",\"name\":\"Ellen Dosch\",\"image\":{\"@type\":\"ImageObject\",\"inLanguage\":\"de\",\"@id\":\"https:\/\/www.logowerk.de\/lw\/#\/schema\/person\/image\/\",\"url\":\"https:\/\/secure.gravatar.com\/avatar\/bbe6be9be54205ce8994ac642b49e69f?s=96&d=mm&r=g\",\"contentUrl\":\"https:\/\/secure.gravatar.com\/avatar\/bbe6be9be54205ce8994ac642b49e69f?s=96&d=mm&r=g\",\"caption\":\"Ellen Dosch\"},\"sameAs\":[\"http:\/\/www.logowerk.de\"],\"url\":\"https:\/\/www.logowerk.de\/lw\/author\/lgw_ad-m1n\/\"}]}<\/script>\n<!-- \/ Yoast SEO plugin. -->","yoast_head_json":{"title":"MODVLAR \u2013 Ein Electronic Music Live-Act","description":"F\u00fcr den Live-Act MODVLAR haben wir 2013 das visuelle Erscheinungsbild kreiert und eine umfangreiche Promotion- und PR-Kampagne entwickelt: Logo, Website, \u2026","robots":{"index":"index","follow":"follow","max-snippet":"max-snippet:-1","max-image-preview":"max-image-preview:large","max-video-preview":"max-video-preview:-1"},"canonical":"https:\/\/www.logowerk.de\/lw\/modular\/","og_locale":"de_DE","og_type":"article","og_title":"MODVLAR \u2013 Ein Electronic Music Live-Act","og_description":"F\u00fcr den Live-Act MODVLAR haben wir 2013 das visuelle Erscheinungsbild kreiert und eine umfangreiche Promotion- und PR-Kampagne entwickelt: Logo, Website, \u2026","og_url":"https:\/\/www.logowerk.de\/lw\/modular\/","og_site_name":"LOGOWERK","article_published_time":"2013-07-22T07:00:07+00:00","article_modified_time":"2017-08-08T16:28:03+00:00","og_image":[{"width":851,"height":315,"url":"https:\/\/www.logowerk.de\/lw\/wp-content\/uploads\/2017\/08\/FB_Header.jpg","type":"image\/jpeg"}],"author":"Ellen Dosch","twitter_card":"summary_large_image","twitter_creator":"@LOGOWERK","twitter_site":"@LOGOWERK","twitter_misc":{"Verfasst von":"Ellen Dosch","Gesch\u00e4tzte Lesezeit":"2\u00a0Minuten"},"schema":{"@context":"https:\/\/schema.org","@graph":[{"@type":"WebPage","@id":"https:\/\/www.logowerk.de\/lw\/modular\/","url":"https:\/\/www.logowerk.de\/lw\/modular\/","name":"MODVLAR \u2013 Ein Electronic Music Live-Act","isPartOf":{"@id":"https:\/\/www.logowerk.de\/lw\/#website"},"datePublished":"2013-07-22T07:00:07+00:00","dateModified":"2017-08-08T16:28:03+00:00","author":{"@id":"https:\/\/www.logowerk.de\/lw\/#\/schema\/person\/f6cecae454516f53422d44bf5cf1867a"},"description":"F\u00fcr den Live-Act MODVLAR haben wir 2013 das visuelle Erscheinungsbild kreiert und eine umfangreiche Promotion- und PR-Kampagne entwickelt: Logo, Website, \u2026","breadcrumb":{"@id":"https:\/\/www.logowerk.de\/lw\/modular\/#breadcrumb"},"inLanguage":"de","potentialAction":[{"@type":"ReadAction","target":["https:\/\/www.logowerk.de\/lw\/modular\/"]}]},{"@type":"BreadcrumbList","@id":"https:\/\/www.logowerk.de\/lw\/modular\/#breadcrumb","itemListElement":[{"@type":"ListItem","position":1,"name":"Startseite","item":"https:\/\/www.logowerk.de\/lw\/"},{"@type":"ListItem","position":2,"name":"MODVLAR \u2013 Electronic Music Live-Act aus K\u00f6ln"}]},{"@type":"WebSite","@id":"https:\/\/www.logowerk.de\/lw\/#website","url":"https:\/\/www.logowerk.de\/lw\/","name":"LOGOWERK","description":"Agentur f\u00fcr Kommunikation, Werbung &amp; Events","potentialAction":[{"@type":"SearchAction","target":{"@type":"EntryPoint","urlTemplate":"https:\/\/www.logowerk.de\/lw\/?s={search_term_string}"},"query-input":"required name=search_term_string"}],"inLanguage":"de"},{"@type":"Person","@id":"https:\/\/www.logowerk.de\/lw\/#\/schema\/person\/f6cecae454516f53422d44bf5cf1867a","name":"Ellen Dosch","image":{"@type":"ImageObject","inLanguage":"de","@id":"https:\/\/www.logowerk.de\/lw\/#\/schema\/person\/image\/","url":"https:\/\/secure.gravatar.com\/avatar\/bbe6be9be54205ce8994ac642b49e69f?s=96&d=mm&r=g","contentUrl":"https:\/\/secure.gravatar.com\/avatar\/bbe6be9be54205ce8994ac642b49e69f?s=96&d=mm&r=g","caption":"Ellen Dosch"},"sameAs":["http:\/\/www.logowerk.de"],"url":"https:\/\/www.logowerk.de\/lw\/author\/lgw_ad-m1n\/"}]}},"_links":{"self":[{"href":"https:\/\/www.logowerk.de\/lw\/wp-json\/wp\/v2\/posts\/488"}],"collection":[{"href":"https:\/\/www.logowerk.de\/lw\/wp-json\/wp\/v2\/posts"}],"about":[{"href":"https:\/\/www.logowerk.de\/lw\/wp-json\/wp\/v2\/types\/post"}],"author":[{"embeddable":true,"href":"https:\/\/www.logowerk.de\/lw\/wp-json\/wp\/v2\/users\/1"}],"replies":[{"embeddable":true,"href":"https:\/\/www.logowerk.de\/lw\/wp-json\/wp\/v2\/comments?post=488"}],"version-history":[{"count":10,"href":"https:\/\/www.logowerk.de\/lw\/wp-json\/wp\/v2\/posts\/488\/revisions"}],"predecessor-version":[{"id":505,"href":"https:\/\/www.logowerk.de\/lw\/wp-json\/wp\/v2\/posts\/488\/revisions\/505"}],"wp:featuredmedia":[{"embeddable":true,"href":"https:\/\/www.logowerk.de\/lw\/wp-json\/wp\/v2\/media\/489"}],"wp:attachment":[{"href":"https:\/\/www.logowerk.de\/lw\/wp-json\/wp\/v2\/media?parent=488"}],"wp:term":[{"taxonomy":"category","embeddable":true,"href":"https:\/\/www.logowerk.de\/lw\/wp-json\/wp\/v2\/categories?post=488"},{"taxonomy":"post_tag","embeddable":true,"href":"https:\/\/www.logowerk.de\/lw\/wp-json\/wp\/v2\/tags?post=488"}],"curies":[{"name":"wp","href":"https:\/\/api.w.org\/{rel}","templated":true}]}}